{"id":1961,"date":"2019-04-30T13:21:33","date_gmt":"2019-04-30T11:21:33","guid":{"rendered":"https:\/\/editionslightmotiv.com\/?p=1961"},"modified":"2019-04-30T13:21:34","modified_gmt":"2019-04-30T11:21:34","slug":"illimitees","status":"publish","type":"post","link":"https:\/\/editionslightmotiv.com\/en\/2019\/04\/30\/illimitees\/","title":{"rendered":"5 Mai &#8211; Salon Photo les \u00e9ditions (il)limit\u00e9es"},"content":{"rendered":"<p>Dimanche 5 Mai les \u00e9ditions Light Motiv participent \u00e0 la deuxi\u00e8me \u00e9dition du salon \u00ab\u00a0Les \u00e9ditions (il)limit\u00e9es\u00a0\u00bb organis\u00e9 par Le Mus\u00e9e de la Photographie \u00e0 Charleroi. Cette journ\u00e9e est consacr\u00e9e \u00e0 l\u2019\u00e9dition du livre photographique en pr\u00e9sence d\u2019(auto)\u00e9diteurs et de photographes venus pr\u00e9senter et vendre leurs publications. <\/p>\n\n\n\n<p><strong>Informations pratiques :<br><\/strong>Les \u00e9ditions (il)limit\u00e9es, samedi 5 mai de 10h \u00e0 17h30.<br>Mus\u00e9e de la Photographie<br>Place des Essarts &#8211; 11, avenue Paul Pastur 6032 Charleroi (Mont-sur-Marchienne)<br><strong>T\u00e9l :\u00a0<\/strong>+32 (0)71.43.58.10<br><strong>Fax :<\/strong>\u00a0+32 (0)71.36.46.45<br><strong>E-mail :\u00a0<\/strong>mpc.info@museephoto.be<\/p>\n\n\n\n<figure class=\"wp-block-image\"><img decoding=\"async\" src=\"https:\/\/editionslightmotiv.com\/wp-content\/uploads\/2019\/04\/56890307_10157150909789288_1396735905963704320_o-1400x788.jpg\" alt=\"\" class=\"wp-image-1962\"\/><\/figure>","protected":false},"excerpt":{"rendered":"<p>Salon du livre photo au Mus\u00e9e de la Photographie<\/p>","protected":false},"author":1,"featured_media":0,"comment_status":"closed","ping_status":"open","sticky":false,"template":"","format":"standard","meta":{"footnotes":""},"categories":[136],"tags":[667,668,309,655],"class_list":["post-1961","post","type-post","status-publish","format-standard","hentry","category-sortie","tag-charleroi","tag-musee-de-la-photographie","tag-photobook","tag-salon-du-livre"],"_links":{"self":[{"href":"https:\/\/editionslightmotiv.com\/en\/wp-json\/wp\/v2\/posts\/1961","targetHints":{"allow":["GET"]}}],"collection":[{"href":"https:\/\/editionslightmotiv.com\/en\/wp-json\/wp\/v2\/posts"}],"about":[{"href":"https:\/\/editionslightmotiv.com\/en\/wp-json\/wp\/v2\/types\/post"}],"author":[{"embeddable":true,"href":"https:\/\/editionslightmotiv.com\/en\/wp-json\/wp\/v2\/users\/1"}],"replies":[{"embeddable":true,"href":"https:\/\/editionslightmotiv.com\/en\/wp-json\/wp\/v2\/comments?post=1961"}],"version-history":[{"count":1,"href":"https:\/\/editionslightmotiv.com\/en\/wp-json\/wp\/v2\/posts\/1961\/revisions"}],"predecessor-version":[{"id":1963,"href":"https:\/\/editionslightmotiv.com\/en\/wp-json\/wp\/v2\/posts\/1961\/revisions\/1963"}],"wp:attachment":[{"href":"https:\/\/editionslightmotiv.com\/en\/wp-json\/wp\/v2\/media?parent=1961"}],"wp:term":[{"taxonomy":"category","embeddable":true,"href":"https:\/\/editionslightmotiv.com\/en\/wp-json\/wp\/v2\/categories?post=1961"},{"taxonomy":"post_tag","embeddable":true,"href":"https:\/\/editionslightmotiv.com\/en\/wp-json\/wp\/v2\/tags?post=1961"}],"curies":[{"name":"wp","href":"https:\/\/api.w.org\/{rel}","templated":true}]}}