{"id":1617,"date":"2018-10-08T14:11:21","date_gmt":"2018-10-08T14:11:21","guid":{"rendered":"https:\/\/editionslightmotiv.com\/?p=1617"},"modified":"2018-10-12T08:40:29","modified_gmt":"2018-10-12T08:40:29","slug":"29-septembre-7-novembre-2018-poignee-degres-atelier-media-carvin","status":"publish","type":"post","link":"https:\/\/editionslightmotiv.com\/en\/2018\/10\/08\/29-septembre-7-novembre-2018-poignee-degres-atelier-media-carvin\/","title":{"rendered":"29 septembre &#8211; 7 novembre : l&rsquo;exposition Pour une poign\u00e9e de degr\u00e9s \u00e0 l&rsquo;atelier Media de Carvin"},"content":{"rendered":"<p>Le samedi 29 novembre 2018, dans le cadre de la programmation culturelle de l&rsquo;Atelier M\u00e9dia de Carvin, <a href=\"http:\/\/editionslightmotiv.com\/en\/\" target=\"_blank\" rel=\"noopener\">Light Motiv<\/a> et l<a href=\"https:\/\/mres-asso.org\/\" target=\"_blank\" rel=\"noopener\">a Maison R\u00e9gionale de l&rsquo;Environnement et des Solidarit\u00e9s (MRES)<\/a>&nbsp;ont inaugur\u00e9 l&rsquo;exposition \u00ab\u00a0Pour une poign\u00e9e de degr\u00e9s\u00a0\u00bb consacr\u00e9e au d\u00e9r\u00e8glement climatique en version magn\u00e9tique !&nbsp;<\/p>\n\t<div class=\"img has-hover x md-x lg-x y md-y lg-y\" id=\"image_1732456675\">\n\t\t\t\t\t\t\t\t<div class=\"img-inner dark\" style=\"margin:0px 0px 10px 0px;\">\n\t\t\t\t\t\t\t\t\t\n\t\t\t\t\t<\/div>\n\t\t\t\t\t\t\t\t\n<style>\n#image_1732456675 {\n  width: 100%;\n}\n<\/style>\n\t<\/div>\n\t\n<p class=\"bodytext\">L&rsquo;exposition \u00ab\u00a0<i><a href=\"https:\/\/degres.photos\/\" target=\"_blank\" rel=\"noopener\">Pour une poign\u00e9e de degr\u00e9s<\/a><\/i>\u00a0\u00bb est une conversation en images entre artistes et citoyens, \u00e0 propos du d\u00e9fi climatique. L&rsquo;exposition initiale, photographique et participative, a d\u00e9marr\u00e9 en d\u00e9cembre 2015 lors du sommet sur le climat \u00e0 Paris.<\/p>\n<p class=\"bodytext\">En 2018, l&rsquo;exp\u00e9rience interactive se prolonge avec un nouveau format, manipulable pour le public, invit\u00e9 \u00e0 se prendre au jeu des correspondances visuelles. A la veille de la COP 24 &#8211; 24\u00e8me conf\u00e9rence annuelle de l&rsquo;ONU sur les changements climatiques, elle permet d&rsquo;aborder le d\u00e9r\u00e8glement climatique par une approche sensible et ludique. Chacun est invit\u00e9 \u00e0 se saisir des images, joue et s&#8217;empare des photographies et les ajuste dans sa propre composition !<\/p>\n<div class=\"row\"  id=\"row-2068724643\">\n\n\t<div id=\"col-989055893\" class=\"col medium-4 small-12 large-4\"  >\n\t\t\t\t<div class=\"col-inner\"  >\n\t\t\t\n\t\t\t\n\t<div class=\"img has-hover x md-x lg-x y md-y lg-y\" id=\"image_615364739\">\n\t\t\t\t\t\t\t\t<div class=\"img-inner dark\" >\n\t\t\t\t\t\t\t\t\t\n\t\t\t\t\t<\/div>\n\t\t\t\t\t\t\t\t\n<style>\n#image_615364739 {\n  width: 100%;\n}\n<\/style>\n\t<\/div>\n\t\n\t\t<\/div>\n\t\t\t\t\t<\/div>\n\n\t\n\n\t<div id=\"col-1097099573\" class=\"col medium-4 small-12 large-4\"  >\n\t\t\t\t<div class=\"col-inner\"  >\n\t\t\t\n\t\t\t\n\t<div class=\"img has-hover x md-x lg-x y md-y lg-y\" id=\"image_295170083\">\n\t\t\t\t\t\t\t\t<div class=\"img-inner dark\" >\n\t\t\t\t\t\t\t\t\t\n\t\t\t\t\t<\/div>\n\t\t\t\t\t\t\t\t\n<style>\n#image_295170083 {\n  width: 100%;\n}\n<\/style>\n\t<\/div>\n\t\n\t\t<\/div>\n\t\t\t\t\t<\/div>\n\n\t\n\n\t<div id=\"col-972628976\" class=\"col medium-4 small-12 large-4\"  >\n\t\t\t\t<div class=\"col-inner\"  >\n\t\t\t\n\t\t\t\n\t<div class=\"img has-hover x md-x lg-x y md-y lg-y\" id=\"image_1599476067\">\n\t\t\t\t\t\t\t\t<div class=\"img-inner dark\" >\n\t\t\t\t\t\t\t\t\t\n\t\t\t\t\t<\/div>\n\t\t\t\t\t\t\t\t\n<style>\n#image_1599476067 {\n  width: 100%;\n}\n<\/style>\n\t<\/div>\n\t\n\t\t<\/div>\n\t\t\t\t\t<\/div>\n\n\t\n<\/div>\n<p><strong>Informations pratiques :<\/strong><br \/>\nDu samedi 29 septembre au dimanche 7 novembre 2018<br \/>\nA l&rsquo;Atelier M\u00e9dia de la m\u00e9diath\u00e8que de Carvin<br \/>\nDu lundi au samedi de 10h \u00e0 13h et de 15h \u00e0 18h<br \/>\nTout public &#8211; Entr\u00e9e libre<br \/>\n<a href=\"https:\/\/www.facebook.com\/degresphotos\/\" target=\"_blank\" rel=\"noopener\">Page Facebook<\/a><br \/>\n<a href=\"https:\/\/degres.photos\/\" target=\"_blank\" rel=\"noopener\">Site internet<\/a><\/p>\n<div class=\"is-divider divider clearfix\" style=\"max-width:720px;height:1px;background-color:rgb(190, 159, 87);\"><\/div>\n<p><em>Une poign\u00e9e de degr\u00e9s\u00a0<\/em>existe \u00e9galement sous forme de livre photographique, \u00e9dit\u00e9 chez Light Motiv. Il est\u00a0disponible d\u00e8s maintenant <a href=\"https:\/\/editionslightmotiv.com\/en\/product\/pour-une-poignee-de-degres\/\" target=\"_blank\" rel=\"noopener\">sur notre boutique \u00e0\u00a028 euros<\/a><strong>.<\/strong><\/p>\n<div class=\"woocommerce columns-3\"><div class=\"products row row-small row-masonry has-packery large-columns-3 medium-columns-2 small-columns-2 equalize-box\">\n<div class=\"product-small col has-hover product type-product post-150 status-publish first instock product_cat-livre product_tag-charles-delcourt product_tag-citizen-involvement product_tag-climat product_tag-climate-change product_tag-collective-project product_tag-livre-photographique product_tag-marie-desplechin product_tag-mres product_tag-participation-citoyenne product_tag-photobook product_tag-photographie-engagee product_tag-projet-collectif product_tag-rechauffement-climatique has-post-thumbnail shipping-taxable purchasable product-type-simple\">\n\t<div class=\"col-inner\">\n\t\n<div class=\"badge-container absolute left top z-1\">\n\n<\/div>\n\t<div class=\"product-small box\">\n\t\t<div class=\"box-image\">\n\t\t\t<div class=\"image-zoom-fade\">\n\t\t\t\t<a href=\"https:\/\/editionslightmotiv.com\/en\/product\/pour-une-poignee-de-degres\/\">\n\t\t\t\t\t<img loading=\"lazy\" decoding=\"async\" width=\"600\" height=\"720\" src=\"https:\/\/editionslightmotiv.com\/wp-content\/uploads\/2018\/02\/PPDD_Livre_Couv_PropsFinale_couv-600x720.jpg\" class=\"attachment-woocommerce_thumbnail size-woocommerce_thumbnail\" alt=\"Visuel de couverture du livre photographique POUR UNE POIGN\u00c9E DE DEGR\u00c9S publi\u00e9 par Light Motiv en 2017\" \/>\t\t\t\t<\/a>\n\t\t\t<\/div>\n\t\t\t<div class=\"image-tools is-small top right show-on-hover\">\n\t\t\t\t\t\t\t<\/div>\n\t\t\t<div class=\"image-tools is-small hide-for-small bottom left show-on-hover\">\n\t\t\t\t\t\t\t<\/div>\n\t\t\t<div class=\"image-tools grid-tools text-center hide-for-small bottom hover-slide-in show-on-hover\">\n\t\t\t\t<a href=\"\/en\/wp-json\/wp\/v2\/posts\/1617?add-to-cart=150\" aria-describedby=\"woocommerce_loop_add_to_cart_link_describedby_150\" data-quantity=\"1\" class=\"add-to-cart-grid no-padding is-transparent product_type_simple add_to_cart_button ajax_add_to_cart\" data-product_id=\"150\" data-product_sku=\"\" aria-label=\"Add to basket: \u201cPOUR UNE POIGN\u00c9E DE DEGR\u00c9S\u201d\" rel=\"nofollow\" data-success_message=\"\u201cPOUR UNE POIGN\u00c9E DE DEGR\u00c9S\u201d has been added to your basket\" role=\"button\" data-no-translation-aria-label=\"\" data-no-translation-data-success_message=\"\"><div class=\"cart-icon tooltip is-small\" title=\"Add to cart\" data-no-translation-title=\"\"><strong>+<\/strong><\/div><\/a>\t<span id=\"woocommerce_loop_add_to_cart_link_describedby_150\" class=\"screen-reader-text\">\n\t\t\t<\/span>\n<a href=\"#quick-view\" class=\"quick-view\" role=\"button\" data-prod=\"150\" aria-haspopup=\"dialog\" aria-expanded=\"false\" data-flatsome-role-button>Quick View<\/a>\t\t\t<\/div>\n\t\t\t\t\t<\/div>\n\n\t\t<div class=\"box-text box-text-products text-center grid-style-2\">\n\t\t\t<div class=\"title-wrapper\"><p class=\"name product-title woocommerce-loop-product__title\"><a href=\"https:\/\/editionslightmotiv.com\/en\/product\/pour-une-poignee-de-degres\/\" class=\"woocommerce-LoopProduct-link woocommerce-loop-product__link\">POUR UNE POIGN\u00c9E DE DEGR\u00c9S<\/a><\/p><\/div><div class=\"price-wrapper\">\n\t<span class=\"price\"><span class=\"woocommerce-Price-amount amount\"><bdi>28,00<span class=\"woocommerce-Price-currencySymbol\">&euro;<\/span><\/bdi><\/span><\/span>\n<\/div>\t\t<\/div>\n\t<\/div>\n\t\t<\/div>\n<\/div><\/div><!-- row -->\n<\/div>","protected":false},"excerpt":{"rendered":"<p>Le samedi 29 novembre 2018, dans le cadre de la programmation culturelle de l&rsquo;Atelier M\u00e9dia de Carvin, Light Motiv et la Maison R\u00e9gionale de l&rsquo;Environnement et des Solidarit\u00e9s (MRES)&nbsp;ont inaugur\u00e9 l&rsquo;exposition \u00ab\u00a0Pour une poign\u00e9e de degr\u00e9s\u00a0\u00bb consacr\u00e9e au d\u00e9r\u00e8glement climatique en version magn\u00e9tique !&nbsp; L&rsquo;exposition \u00ab\u00a0Pour une poign\u00e9e de degr\u00e9s\u00a0\u00bb est une conversation en images<\/p>","protected":false},"author":1,"featured_media":0,"comment_status":"closed","ping_status":"open","sticky":false,"template":"","format":"standard","meta":{"footnotes":""},"categories":[161],"tags":[288,289,285,20,287,284,286],"class_list":["post-1617","post","type-post","status-publish","format-standard","hentry","category-exposition","tag-atelier-media","tag-carvin","tag-climate-change","tag-exposition","tag-photographie-engagee","tag-pour-une-poignee-de-degres","tag-rechauffement-climatique"],"_links":{"self":[{"href":"https:\/\/editionslightmotiv.com\/en\/wp-json\/wp\/v2\/posts\/1617","targetHints":{"allow":["GET"]}}],"collection":[{"href":"https:\/\/editionslightmotiv.com\/en\/wp-json\/wp\/v2\/posts"}],"about":[{"href":"https:\/\/editionslightmotiv.com\/en\/wp-json\/wp\/v2\/types\/post"}],"author":[{"embeddable":true,"href":"https:\/\/editionslightmotiv.com\/en\/wp-json\/wp\/v2\/users\/1"}],"replies":[{"embeddable":true,"href":"https:\/\/editionslightmotiv.com\/en\/wp-json\/wp\/v2\/comments?post=1617"}],"version-history":[{"count":10,"href":"https:\/\/editionslightmotiv.com\/en\/wp-json\/wp\/v2\/posts\/1617\/revisions"}],"predecessor-version":[{"id":1706,"href":"https:\/\/editionslightmotiv.com\/en\/wp-json\/wp\/v2\/posts\/1617\/revisions\/1706"}],"wp:attachment":[{"href":"https:\/\/editionslightmotiv.com\/en\/wp-json\/wp\/v2\/media?parent=1617"}],"wp:term":[{"taxonomy":"category","embeddable":true,"href":"https:\/\/editionslightmotiv.com\/en\/wp-json\/wp\/v2\/categories?post=1617"},{"taxonomy":"post_tag","embeddable":true,"href":"https:\/\/editionslightmotiv.com\/en\/wp-json\/wp\/v2\/tags?post=1617"}],"curies":[{"name":"wp","href":"https:\/\/api.w.org\/{rel}","templated":true}]}}